{"id":17341,"date":"2016-02-25T23:14:06","date_gmt":"2016-02-25T22:14:06","guid":{"rendered":"http:\/\/www.newlibya.net\/?p=17341"},"modified":"2016-02-25T23:14:06","modified_gmt":"2016-02-25T22:14:06","slug":"17341","status":"publish","type":"post","link":"http:\/\/www.newlibya.net\/?p=17341","title":{"rendered":"(Fran\u00e7ais) Djihadisme\u2009: carte des principaux groupes arm\u00e9s islamistes dans le monde"},"content":{"rendered":"<p class=\"qtranxs-available-languages-message qtranxs-available-languages-message-ar\">\u0639\u0641\u0648\u0627\u060c \u0647\u0630\u0627 \u0627\u0644\u0645\u0642\u0627\u0644 \u0645\u0648\u062c\u0648\u062f \u0641\u0642\u0637 \u0641\u064a <a href=\"http:\/\/www.newlibya.net\/index.php?rest_route=%2Fwp%2Fv2%2Fposts%2F17341&lang=fr\" class=\"qtranxs-available-language-link qtranxs-available-language-link-fr\" title=\"Fran\u00e7ais\">\u0627\u0644\u0641\u0631\u0646\u0633\u064a\u0629<\/a>.<\/p>","protected":false},"excerpt":{"rendered":"<p class=\"qtranxs-available-languages-message qtranxs-available-languages-message-ar\">\u0639\u0641\u0648\u0627\u060c \u0647\u0630\u0627 \u0627\u0644\u0645\u0642\u0627\u0644 \u0645\u0648\u062c\u0648\u062f \u0641\u0642\u0637 \u0641\u064a <a href=\"http:\/\/www.newlibya.net\/index.php?rest_route=%2Fwp%2Fv2%2Fposts%2F17341&#038;lang=fr\" class=\"qtranxs-available-language-link qtranxs-available-language-link-fr\" title=\"Fran\u00e7ais\">\u0627\u0644\u0641\u0631\u0646\u0633\u064a\u0629<\/a>.<\/p>\n","protected":false},"author":4,"featured_media":17343,"comment_status":"open","ping_status":"closed","sticky":false,"template":"","format":"standard","meta":{"_mi_skip_tracking":false,"_exactmetrics_sitenote_active":false,"_exactmetrics_sitenote_note":"","_exactmetrics_sitenote_category":0,"jetpack_post_was_ever_published":false,"jetpack_publicize_message":"","jetpack_is_tweetstorm":false,"jetpack_publicize_feature_enabled":true,"jetpack_social_post_already_shared":false,"jetpack_social_options":{"image_generator_settings":{"template":"highway","enabled":false}}},"categories":[9,99,3],"tags":[],"jetpack_publicize_connections":[],"aioseo_notices":[],"jetpack_featured_media_url":"http:\/\/www.newlibya.net\/wp-content\/uploads\/2016\/02\/Carte-principaux-groupes-armes-islamistes-dans-monde_1_730_187-1.jpg","jetpack_sharing_enabled":true,"jetpack_shortlink":"https:\/\/wp.me\/s6SBPX-17341","jetpack-related-posts":[{"id":21188,"url":"http:\/\/www.newlibya.net\/?p=21188","url_meta":{"origin":17341,"position":0},"title":"(Fran\u00e7ais) Libye : Sa\u00eff al-Islam peut-il revenir  au pouvoir ?","date":"19\/06\/2017","format":false,"excerpt":"\u0639\u0641\u0648\u0627\u060c \u0647\u0630\u0627 \u0627\u0644\u0645\u0642\u0627\u0644 \u0645\u0648\u062c\u0648\u062f \u0641\u0642\u0637 \u0641\u064a \u0627\u0644\u0641\u0631\u0646\u0633\u064a\u0629.","rel":"","context":"\u0641\u064a &quot;\u0633\u064a\u0627\u0633\u0629&quot;","img":{"alt_text":"","src":"https:\/\/i0.wp.com\/www.newlibya.net\/wp-content\/uploads\/2017\/06\/seif.jpg?resize=350%2C200","width":350,"height":200},"classes":[]},{"id":20334,"url":"http:\/\/www.newlibya.net\/?p=20334","url_meta":{"origin":17341,"position":1},"title":"(Fran\u00e7ais) Tiraillements interlibyens","date":"18\/12\/2016","format":false,"excerpt":"\u0639\u0641\u0648\u0627\u060c \u0647\u0630\u0627 \u0627\u0644\u0645\u0642\u0627\u0644 \u0645\u0648\u062c\u0648\u062f \u0641\u0642\u0637 \u0641\u064a \u0627\u0644\u0641\u0631\u0646\u0633\u064a\u0629.","rel":"","context":"\u0641\u064a &quot;\u0633\u064a\u0627\u0633\u0629&quot;","img":{"alt_text":"","src":"https:\/\/i0.wp.com\/www.newlibya.net\/wp-content\/uploads\/2016\/12\/ala-EJ9JWG-copy.jpg?resize=350%2C200","width":350,"height":200},"classes":[]},{"id":23987,"url":"http:\/\/www.newlibya.net\/?p=23987","url_meta":{"origin":17341,"position":2},"title":"(Fran\u00e7ais) Libye : la France fait pression pour la tenue des \u00e9lections en d\u00e9cembre","date":"24\/08\/2018","format":false,"excerpt":"\u0639\u0641\u0648\u0627\u060c \u0647\u0630\u0627 \u0627\u0644\u0645\u0642\u0627\u0644 \u0645\u0648\u062c\u0648\u062f \u0641\u0642\u0637 \u0641\u064a \u0627\u0644\u0641\u0631\u0646\u0633\u064a\u0629.","rel":"","context":"\u0641\u064a &quot;\u062f\u0648\u0644\u064a&quot;","img":{"alt_text":"","src":"https:\/\/i0.wp.com\/www.newlibya.net\/wp-content\/uploads\/2018\/08\/sipa_ap22209860_000001-592x296-1.jpg?resize=350%2C200","width":350,"height":200},"classes":[]},{"id":17322,"url":"http:\/\/www.newlibya.net\/?p=17322","url_meta":{"origin":17341,"position":3},"title":"(Fran\u00e7ais) L&#8217;\u00c9tat islamique perd des points d&#8217;ancrage en Libye","date":"25\/02\/2016","format":false,"excerpt":"\u0639\u0641\u0648\u0627\u060c \u0647\u0630\u0627 \u0627\u0644\u0645\u0642\u0627\u0644 \u0645\u0648\u062c\u0648\u062f \u0641\u0642\u0637 \u0641\u064a \u0627\u0644\u0641\u0631\u0646\u0633\u064a\u0629.","rel":"","context":"\u0641\u064a &quot;\u062a\u0642\u0627\u0631\u064a\u0631&quot;","img":{"alt_text":"","src":"https:\/\/i0.wp.com\/www.newlibya.net\/wp-content\/uploads\/2016\/02\/XVMdf050dd2-dae2-11e5-86c9-679b47db606c.jpg?resize=350%2C200","width":350,"height":200},"classes":[]},{"id":24012,"url":"http:\/\/www.newlibya.net\/?p=24012","url_meta":{"origin":17341,"position":4},"title":"(Fran\u00e7ais) Le \u00abcartel\u00bb des milices de Tripoli aux prises avec ses rivaux","date":"09\/09\/2018","format":false,"excerpt":"\u0639\u0641\u0648\u0627\u060c \u0647\u0630\u0627 \u0627\u0644\u0645\u0642\u0627\u0644 \u0645\u0648\u062c\u0648\u062f \u0641\u0642\u0637 \u0641\u064a \u0627\u0644\u0641\u0631\u0646\u0633\u064a\u0629.","rel":"","context":"\u0641\u064a &quot;\u0633\u064a\u0627\u0633\u0629&quot;","img":{"alt_text":"","src":"https:\/\/i0.wp.com\/www.newlibya.net\/wp-content\/uploads\/2018\/09\/1152829-000_18j9cp.jpg?resize=350%2C200","width":350,"height":200},"classes":[]},{"id":24995,"url":"http:\/\/www.newlibya.net\/?p=24995","url_meta":{"origin":17341,"position":5},"title":"(Fran\u00e7ais) Libye\u2009: le mar\u00e9chal Haftar au centre du jeu","date":"22\/03\/2019","format":false,"excerpt":"\u0639\u0641\u0648\u0627\u060c \u0647\u0630\u0627 \u0627\u0644\u0645\u0642\u0627\u0644 \u0645\u0648\u062c\u0648\u062f \u0641\u0642\u0637 \u0641\u064a \u0627\u0644\u0641\u0631\u0646\u0633\u064a\u0629.","rel":"","context":"\u0641\u064a &quot;\u0633\u064a\u0627\u0633\u0629&quot;","img":{"alt_text":"","src":"https:\/\/i0.wp.com\/www.newlibya.net\/wp-content\/uploads\/2019\/03\/marechal-Khalifa-Haftar-12-novembre-2018dune-conference-Libye-Palerme-Italie_0_729_486.jpg?resize=350%2C200","width":350,"height":200},"classes":[]}],"jetpack_likes_enabled":true,"_links":{"self":[{"href":"http:\/\/www.newlibya.net\/index.php?rest_route=\/wp\/v2\/posts\/17341"}],"collection":[{"href":"http:\/\/www.newlibya.net\/index.php?rest_route=\/wp\/v2\/posts"}],"about":[{"href":"http:\/\/www.newlibya.net\/index.php?rest_route=\/wp\/v2\/types\/post"}],"author":[{"embeddable":true,"href":"http:\/\/www.newlibya.net\/index.php?rest_route=\/wp\/v2\/users\/4"}],"replies":[{"embeddable":true,"href":"http:\/\/www.newlibya.net\/index.php?rest_route=%2Fwp%2Fv2%2Fcomments&post=17341"}],"version-history":[{"count":0,"href":"http:\/\/www.newlibya.net\/index.php?rest_route=\/wp\/v2\/posts\/17341\/revisions"}],"wp:featuredmedia":[{"embeddable":true,"href":"http:\/\/www.newlibya.net\/index.php?rest_route=\/wp\/v2\/media\/17343"}],"wp:attachment":[{"href":"http:\/\/www.newlibya.net\/index.php?rest_route=%2Fwp%2Fv2%2Fmedia&parent=17341"}],"wp:term":[{"taxonomy":"category","embeddable":true,"href":"http:\/\/www.newlibya.net\/index.php?rest_route=%2Fwp%2Fv2%2Fcategories&post=17341"},{"taxonomy":"post_tag","embeddable":true,"href":"http:\/\/www.newlibya.net\/index.php?rest_route=%2Fwp%2Fv2%2Ftags&post=17341"}],"curies":[{"name":"wp","href":"https:\/\/api.w.org\/{rel}","templated":true}]}}