{"id":21728,"date":"2017-10-23T23:37:37","date_gmt":"2017-10-23T22:37:37","guid":{"rendered":"http:\/\/www.newlibya.net\/?p=21728"},"modified":"2017-10-23T23:50:14","modified_gmt":"2017-10-23T22:50:14","slug":"21728","status":"publish","type":"post","link":"http:\/\/www.newlibya.net\/?p=21728","title":{"rendered":"(Fran\u00e7ais) 83% des libyens voteront pour les ind\u00e9pendants"},"content":{"rendered":"<p class=\"qtranxs-available-languages-message qtranxs-available-languages-message-ar\">\u0639\u0641\u0648\u0627\u060c \u0647\u0630\u0627 \u0627\u0644\u0645\u0642\u0627\u0644 \u0645\u0648\u062c\u0648\u062f \u0641\u0642\u0637 \u0641\u064a <a href=\"http:\/\/www.newlibya.net\/index.php?rest_route=%2Fwp%2Fv2%2Fposts%2F21728&lang=fr\" class=\"qtranxs-available-language-link qtranxs-available-language-link-fr\" title=\"Fran\u00e7ais\">\u0627\u0644\u0641\u0631\u0646\u0633\u064a\u0629<\/a>.<\/p>","protected":false},"excerpt":{"rendered":"<p class=\"qtranxs-available-languages-message qtranxs-available-languages-message-ar\">\u0639\u0641\u0648\u0627\u060c \u0647\u0630\u0627 \u0627\u0644\u0645\u0642\u0627\u0644 \u0645\u0648\u062c\u0648\u062f \u0641\u0642\u0637 \u0641\u064a <a href=\"http:\/\/www.newlibya.net\/index.php?rest_route=%2Fwp%2Fv2%2Fposts%2F21728&#038;lang=fr\" class=\"qtranxs-available-language-link qtranxs-available-language-link-fr\" title=\"Fran\u00e7ais\">\u0627\u0644\u0641\u0631\u0646\u0633\u064a\u0629<\/a>.<\/p>\n","protected":false},"author":4,"featured_media":21719,"comment_status":"open","ping_status":"closed","sticky":false,"template":"","format":"standard","meta":{"_mi_skip_tracking":false,"_exactmetrics_sitenote_active":false,"_exactmetrics_sitenote_note":"","_exactmetrics_sitenote_category":0,"jetpack_post_was_ever_published":false,"jetpack_publicize_message":"","jetpack_is_tweetstorm":false,"jetpack_publicize_feature_enabled":true,"jetpack_social_post_already_shared":true,"jetpack_social_options":{"image_generator_settings":{"template":"highway","enabled":false}}},"categories":[2999,2998,99,3,8],"tags":[],"jetpack_publicize_connections":[],"aioseo_notices":[],"jetpack_featured_media_url":"http:\/\/www.newlibya.net\/wp-content\/uploads\/2017\/10\/sonadage-2-731x1024.jpg","jetpack_sharing_enabled":true,"jetpack_shortlink":"https:\/\/wp.me\/s6SBPX-21728","jetpack-related-posts":[{"id":17322,"url":"http:\/\/www.newlibya.net\/?p=17322","url_meta":{"origin":21728,"position":0},"title":"(Fran\u00e7ais) L&#8217;\u00c9tat islamique perd des points d&#8217;ancrage en Libye","date":"25\/02\/2016","format":false,"excerpt":"\u0639\u0641\u0648\u0627\u060c \u0647\u0630\u0627 \u0627\u0644\u0645\u0642\u0627\u0644 \u0645\u0648\u062c\u0648\u062f \u0641\u0642\u0637 \u0641\u064a \u0627\u0644\u0641\u0631\u0646\u0633\u064a\u0629.","rel":"","context":"\u0641\u064a &quot;\u062a\u0642\u0627\u0631\u064a\u0631&quot;","img":{"alt_text":"","src":"https:\/\/i0.wp.com\/www.newlibya.net\/wp-content\/uploads\/2016\/02\/XVMdf050dd2-dae2-11e5-86c9-679b47db606c.jpg?resize=350%2C200","width":350,"height":200},"classes":[]},{"id":18864,"url":"http:\/\/www.newlibya.net\/?p=18864","url_meta":{"origin":21728,"position":1},"title":"(Fran\u00e7ais) Immigration du Sahel vers la Libye, puis l\u2019Europe, itin\u00e9raires et cons\u00e9quences: Un grand d\u00e9bat \u00e0 Tunis","date":"10\/05\/2016","format":false,"excerpt":"\u0639\u0641\u0648\u0627\u060c \u0647\u0630\u0627 \u0627\u0644\u0645\u0642\u0627\u0644 \u0645\u0648\u062c\u0648\u062f \u0641\u0642\u0637 \u0641\u064a \u0627\u0644\u0641\u0631\u0646\u0633\u064a\u0629.","rel":"","context":"\u0641\u064a &quot;\u062f\u0648\u0644\u064a&quot;","img":{"alt_text":"","src":"https:\/\/i0.wp.com\/www.newlibya.net\/wp-content\/uploads\/2016\/05\/ImageProxy.jpg?resize=350%2C200","width":350,"height":200},"classes":[]},{"id":22244,"url":"http:\/\/www.newlibya.net\/?p=22244","url_meta":{"origin":21728,"position":2},"title":"(Fran\u00e7ais) Esclavage en Libye : une hypocrisie collective","date":"21\/02\/2018","format":false,"excerpt":"\u0639\u0641\u0648\u0627\u060c \u0647\u0630\u0627 \u0627\u0644\u0645\u0642\u0627\u0644 \u0645\u0648\u062c\u0648\u062f \u0641\u0642\u0637 \u0641\u064a \u0627\u0644\u0641\u0631\u0646\u0633\u064a\u0629.","rel":"","context":"\u0641\u064a &quot;\u0627\u0644\u0645\u063a\u0631\u0628 \u0627\u0644\u0639\u0631\u0628\u064a&quot;","img":{"alt_text":"","src":"https:\/\/i0.wp.com\/www.newlibya.net\/wp-content\/uploads\/2018\/02\/8f7a8fe_16588-pv42cg.7kzpg.jpg?resize=350%2C200","width":350,"height":200},"classes":[]},{"id":21066,"url":"http:\/\/www.newlibya.net\/?p=21066","url_meta":{"origin":21728,"position":3},"title":"(Fran\u00e7ais) Colloque \u00abLes universit\u00e9s libyennes: d\u00e9fis et perspectives\u00bb","date":"20\/04\/2017","format":false,"excerpt":"\u0639\u0641\u0648\u0627\u060c \u0647\u0630\u0627 \u0627\u0644\u0645\u0642\u0627\u0644 \u0645\u0648\u062c\u0648\u062f \u0641\u0642\u0637 \u0641\u064a \u0627\u0644\u0641\u0631\u0646\u0633\u064a\u0629.","rel":"","context":"\u0641\u064a &quot;\u0627\u0644\u0645\u0631\u0643\u0632&quot;","img":{"alt_text":"","src":"https:\/\/i0.wp.com\/www.newlibya.net\/wp-content\/uploads\/2017\/04\/tripoli.jpg?resize=350%2C200","width":350,"height":200},"classes":[]},{"id":21796,"url":"http:\/\/www.newlibya.net\/?p=21796","url_meta":{"origin":21728,"position":4},"title":"(Fran\u00e7ais) De la politique de la chaise vide aux m\u00e9canismes de r\u00e8glement","date":"04\/11\/2017","format":false,"excerpt":"\u0639\u0641\u0648\u0627\u060c \u0647\u0630\u0627 \u0627\u0644\u0645\u0642\u0627\u0644 \u0645\u0648\u062c\u0648\u062f \u0641\u0642\u0637 \u0641\u064a \u0627\u0644\u0641\u0631\u0646\u0633\u064a\u0629.","rel":"","context":"\u0641\u064a &quot;\u0627\u0642\u062a\u0635\u0627\u062f&quot;","img":{"alt_text":"","src":"https:\/\/i0.wp.com\/www.newlibya.net\/wp-content\/uploads\/2017\/11\/crise-libye-tunisie.jpeg?resize=350%2C200","width":350,"height":200},"classes":[]},{"id":18982,"url":"http:\/\/www.newlibya.net\/?p=18982","url_meta":{"origin":21728,"position":5},"title":"(Fran\u00e7ais) Centre Maghr\u00e9bin d\u2019\u00e9tudes sur la Libye (CMEL) : S\u00e9minaire scientifique autour du th\u00e8me \u00ab la soci\u00e9t\u00e9 civile et la transition d\u00e9mocratique en Libye : les causes du d\u00e9clin et les strat\u00e9gies de relance \u00bb \u2013 Tunis les 4 et 5 MAI 2016","date":"15\/05\/2016","format":false,"excerpt":"\u0639\u0641\u0648\u0627\u060c \u0647\u0630\u0627 \u0627\u0644\u0645\u0642\u0627\u0644 \u0645\u0648\u062c\u0648\u062f \u0641\u0642\u0637 \u0641\u064a \u0627\u0644\u0641\u0631\u0646\u0633\u064a\u0629.","rel":"","context":"\u0641\u064a &quot;\u0627\u0644\u0645\u0631\u0643\u0632&quot;","img":{"alt_text":"","src":"https:\/\/i0.wp.com\/www.newlibya.net\/wp-content\/uploads\/2016\/05\/CMEL-image-du-colloque.png?resize=350%2C200","width":350,"height":200},"classes":[]}],"jetpack_likes_enabled":true,"_links":{"self":[{"href":"http:\/\/www.newlibya.net\/index.php?rest_route=\/wp\/v2\/posts\/21728"}],"collection":[{"href":"http:\/\/www.newlibya.net\/index.php?rest_route=\/wp\/v2\/posts"}],"about":[{"href":"http:\/\/www.newlibya.net\/index.php?rest_route=\/wp\/v2\/types\/post"}],"author":[{"embeddable":true,"href":"http:\/\/www.newlibya.net\/index.php?rest_route=\/wp\/v2\/users\/4"}],"replies":[{"embeddable":true,"href":"http:\/\/www.newlibya.net\/index.php?rest_route=%2Fwp%2Fv2%2Fcomments&post=21728"}],"version-history":[{"count":0,"href":"http:\/\/www.newlibya.net\/index.php?rest_route=\/wp\/v2\/posts\/21728\/revisions"}],"wp:featuredmedia":[{"embeddable":true,"href":"http:\/\/www.newlibya.net\/index.php?rest_route=\/wp\/v2\/media\/21719"}],"wp:attachment":[{"href":"http:\/\/www.newlibya.net\/index.php?rest_route=%2Fwp%2Fv2%2Fmedia&parent=21728"}],"wp:term":[{"taxonomy":"category","embeddable":true,"href":"http:\/\/www.newlibya.net\/index.php?rest_route=%2Fwp%2Fv2%2Fcategories&post=21728"},{"taxonomy":"post_tag","embeddable":true,"href":"http:\/\/www.newlibya.net\/index.php?rest_route=%2Fwp%2Fv2%2Ftags&post=21728"}],"curies":[{"name":"wp","href":"https:\/\/api.w.org\/{rel}","templated":true}]}}