{"id":27311,"date":"2020-06-04T11:51:37","date_gmt":"2020-06-04T10:51:37","guid":{"rendered":"http:\/\/www.newlibya.net\/?p=27311"},"modified":"2020-06-19T23:49:41","modified_gmt":"2020-06-19T22:49:41","slug":"francais-maitres-dune-partie-de-lechiquier-libyen-turquie-et-russie-deux-puissances-egalement-asiatiques-sinstallent-a-500-kilometres-des-cotes-italiennes","status":"publish","type":"post","link":"http:\/\/www.newlibya.net\/?p=27311","title":{"rendered":"(Fran\u00e7ais) Libye : la d\u00e9faite de l&#8217;Occident"},"content":{"rendered":"<p class=\"qtranxs-available-languages-message qtranxs-available-languages-message-ar\">\u0639\u0641\u0648\u0627\u060c \u0647\u0630\u0627 \u0627\u0644\u0645\u0642\u0627\u0644 \u0645\u0648\u062c\u0648\u062f \u0641\u0642\u0637 \u0641\u064a <a href=\"http:\/\/www.newlibya.net\/index.php?rest_route=%2Fwp%2Fv2%2Fposts%2F27311&lang=fr\" class=\"qtranxs-available-language-link qtranxs-available-language-link-fr\" title=\"Fran\u00e7ais\">\u0627\u0644\u0641\u0631\u0646\u0633\u064a\u0629<\/a>.<\/p>","protected":false},"excerpt":{"rendered":"<p class=\"qtranxs-available-languages-message qtranxs-available-languages-message-ar\">\u0639\u0641\u0648\u0627\u060c \u0647\u0630\u0627 \u0627\u0644\u0645\u0642\u0627\u0644 \u0645\u0648\u062c\u0648\u062f \u0641\u0642\u0637 \u0641\u064a <a href=\"http:\/\/www.newlibya.net\/index.php?rest_route=%2Fwp%2Fv2%2Fposts%2F27311&#038;lang=fr\" class=\"qtranxs-available-language-link qtranxs-available-language-link-fr\" title=\"Fran\u00e7ais\">\u0627\u0644\u0641\u0631\u0646\u0633\u064a\u0629<\/a>.<\/p>\n","protected":false},"author":4,"featured_media":27437,"comment_status":"open","ping_status":"closed","sticky":false,"template":"","format":"standard","meta":{"_mi_skip_tracking":false,"_exactmetrics_sitenote_active":false,"_exactmetrics_sitenote_note":"","_exactmetrics_sitenote_category":0,"jetpack_post_was_ever_published":false,"jetpack_publicize_message":"","jetpack_is_tweetstorm":false,"jetpack_publicize_feature_enabled":true,"jetpack_social_post_already_shared":true,"jetpack_social_options":{"image_generator_settings":{"template":"highway","enabled":false}}},"categories":[5,99,3],"tags":[],"jetpack_publicize_connections":[],"aioseo_notices":[],"jetpack_featured_media_url":"http:\/\/www.newlibya.net\/wp-content\/uploads\/2020\/06\/20404675lpw-20404838-article-jpg_7142258_660x281-2.jpg","jetpack_sharing_enabled":true,"jetpack_shortlink":"https:\/\/wp.me\/p6SBPX-76v","jetpack-related-posts":[{"id":27293,"url":"http:\/\/www.newlibya.net\/?p=27293","url_meta":{"origin":27311,"position":0},"title":"(Fran\u00e7ais) Libye : la d\u00e9faite de l&#8217;Occident","date":"02\/06\/2020","format":false,"excerpt":"\u0639\u0641\u0648\u0627\u060c \u0647\u0630\u0627 \u0627\u0644\u0645\u0642\u0627\u0644 \u0645\u0648\u062c\u0648\u062f \u0641\u0642\u0637 \u0641\u064a \u0627\u0644\u0641\u0631\u0646\u0633\u064a\u0629.","rel":"","context":"\u0641\u064a &quot;\u062f\u0648\u0644\u064a&quot;","img":{"alt_text":"","src":"https:\/\/i0.wp.com\/www.newlibya.net\/wp-content\/uploads\/2020\/06\/20404675lpw-20404838-article-jpg_7142258_660x281-1.jpg?resize=350%2C200","width":350,"height":200},"classes":[]},{"id":27472,"url":"http:\/\/www.newlibya.net\/?p=27472","url_meta":{"origin":27311,"position":1},"title":"(Fran\u00e7ais) Libye : le poker diplomatique de la bataille de Syrte","date":"30\/06\/2020","format":false,"excerpt":"\u0639\u0641\u0648\u0627\u060c \u0647\u0630\u0627 \u0627\u0644\u0645\u0642\u0627\u0644 \u0645\u0648\u062c\u0648\u062f \u0641\u0642\u0637 \u0641\u064a \u0627\u0644\u0641\u0631\u0646\u0633\u064a\u0629.","rel":"","context":"\u0641\u064a &quot;\u0633\u064a\u0627\u0633\u0629&quot;","img":{"alt_text":"","src":"https:\/\/i0.wp.com\/www.newlibya.net\/wp-content\/uploads\/2020\/06\/1320870-afp_1tu9d0jpg.jpg?resize=350%2C200","width":350,"height":200},"classes":[]},{"id":24732,"url":"http:\/\/www.newlibya.net\/?p=24732","url_meta":{"origin":27311,"position":2},"title":"(Fran\u00e7ais) La rivalit\u00e9 franco-italienne complique la situation en Libye","date":"27\/01\/2019","format":false,"excerpt":"\u0639\u0641\u0648\u0627\u060c \u0647\u0630\u0627 \u0627\u0644\u0645\u0642\u0627\u0644 \u0645\u0648\u062c\u0648\u062f \u0641\u0642\u0637 \u0641\u064a \u0627\u0644\u0641\u0631\u0646\u0633\u064a\u0629.","rel":"","context":"\u0641\u064a &quot;\u0622\u0631\u0627\u0621&quot;","img":{"alt_text":"","src":"https:\/\/i0.wp.com\/www.newlibya.net\/wp-content\/uploads\/2019\/01\/topelement.jpg?resize=350%2C200","width":350,"height":200},"classes":[]},{"id":28247,"url":"http:\/\/www.newlibya.net\/?p=28247","url_meta":{"origin":27311,"position":3},"title":"(Fran\u00e7ais) La Libye fait un pas vers un gouvernement d\u2019union","date":"07\/02\/2021","format":false,"excerpt":"\u0639\u0641\u0648\u0627\u060c \u0647\u0630\u0627 \u0627\u0644\u0645\u0642\u0627\u0644 \u0645\u0648\u062c\u0648\u062f \u0641\u0642\u0637 \u0641\u064a \u0627\u0644\u0641\u0631\u0646\u0633\u064a\u0629.","rel":"","context":"\u0641\u064a &quot;\u0633\u064a\u0627\u0633\u0629&quot;","img":{"alt_text":"","src":"https:\/\/i0.wp.com\/www.newlibya.net\/wp-content\/uploads\/2021\/02\/XVM52fb5cbc-67d0-11eb-b428-291134851382.jpg?resize=350%2C200","width":350,"height":200},"classes":[]},{"id":19895,"url":"http:\/\/www.newlibya.net\/?p=19895","url_meta":{"origin":27311,"position":4},"title":"(Fran\u00e7ais) R\u00e9union de Paris sur la Libye &#8230; Des d\u00e9fections et des divergences de fond","date":"06\/10\/2016","format":false,"excerpt":"\u0639\u0641\u0648\u0627\u060c \u0647\u0630\u0627 \u0627\u0644\u0645\u0642\u0627\u0644 \u0645\u0648\u062c\u0648\u062f \u0641\u0642\u0637 \u0641\u064a \u0627\u0644\u0641\u0631\u0646\u0633\u064a\u0629.","rel":"","context":"\u0641\u064a &quot;\u062f\u0648\u0644\u064a&quot;","img":{"alt_text":"","src":"https:\/\/i0.wp.com\/www.newlibya.net\/wp-content\/uploads\/2016\/10\/inter_2619183_465x348p-2.jpg?resize=350%2C200","width":350,"height":200},"classes":[]},{"id":19865,"url":"http:\/\/www.newlibya.net\/?p=19865","url_meta":{"origin":27311,"position":5},"title":"(Fran\u00e7ais) R\u00e9union de Paris sur la Libye&#8230; El Sarraj \u00e0 Alger pour parler de l\u2019impasse libyenne","date":"05\/10\/2016","format":false,"excerpt":"\u0639\u0641\u0648\u0627\u060c \u0647\u0630\u0627 \u0627\u0644\u0645\u0642\u0627\u0644 \u0645\u0648\u062c\u0648\u062f \u0641\u0642\u0637 \u0641\u064a \u0627\u0644\u0641\u0631\u0646\u0633\u064a\u0629.","rel":"","context":"\u0641\u064a &quot;\u062f\u0648\u0644\u064a&quot;","img":{"alt_text":"","src":"https:\/\/i0.wp.com\/www.newlibya.net\/wp-content\/uploads\/2016\/10\/inter_2619183_465x348p-1.jpg?resize=350%2C200","width":350,"height":200},"classes":[]}],"jetpack_likes_enabled":true,"_links":{"self":[{"href":"http:\/\/www.newlibya.net\/index.php?rest_route=\/wp\/v2\/posts\/27311"}],"collection":[{"href":"http:\/\/www.newlibya.net\/index.php?rest_route=\/wp\/v2\/posts"}],"about":[{"href":"http:\/\/www.newlibya.net\/index.php?rest_route=\/wp\/v2\/types\/post"}],"author":[{"embeddable":true,"href":"http:\/\/www.newlibya.net\/index.php?rest_route=\/wp\/v2\/users\/4"}],"replies":[{"embeddable":true,"href":"http:\/\/www.newlibya.net\/index.php?rest_route=%2Fwp%2Fv2%2Fcomments&post=27311"}],"version-history":[{"count":0,"href":"http:\/\/www.newlibya.net\/index.php?rest_route=\/wp\/v2\/posts\/27311\/revisions"}],"wp:featuredmedia":[{"embeddable":true,"href":"http:\/\/www.newlibya.net\/index.php?rest_route=\/wp\/v2\/media\/27437"}],"wp:attachment":[{"href":"http:\/\/www.newlibya.net\/index.php?rest_route=%2Fwp%2Fv2%2Fmedia&parent=27311"}],"wp:term":[{"taxonomy":"category","embeddable":true,"href":"http:\/\/www.newlibya.net\/index.php?rest_route=%2Fwp%2Fv2%2Fcategories&post=27311"},{"taxonomy":"post_tag","embeddable":true,"href":"http:\/\/www.newlibya.net\/index.php?rest_route=%2Fwp%2Fv2%2Ftags&post=27311"}],"curies":[{"name":"wp","href":"https:\/\/api.w.org\/{rel}","templated":true}]}}